{"id":20409,"date":"2022-06-21T03:05:34","date_gmt":"2022-06-21T03:05:34","guid":{"rendered":"http:\/\/villasancarlos.club\/vsc\/?p=20409"},"modified":"2022-06-22T18:21:07","modified_gmt":"2022-06-22T18:21:07","slug":"comenzo-la-liga-oficial-de-patin","status":"publish","type":"post","link":"https:\/\/villasancarlos.club\/vsc\/2022\/06\/comenzo-la-liga-oficial-de-patin\/","title":{"rendered":"Comenz\u00f3 la Liga Oficial de Pat\u00edn"},"content":{"rendered":"\n<h2 class=\"wp-block-heading\">El s\u00e1bado 18 de Junio en el club Circunvalaci\u00f3n se dio comienzo a la primera fecha de la Liga Oficial de Pat\u00edn &#8220;Categor\u00eda C&#8221; que organiza LIPLA. Un total de 30 patinadores representaron a Villa San Carlos bajo la atenta mirada de la Profesora, Yanina Horucade. La jornada comenz\u00f3 a las 9hs y culmin\u00f3 a las 23hs. Sin dudas una alegr\u00eda para la disciplina este comienzo oficial luego de la pandemia. <\/h2>\n\n\n\n<p>Estos fueron los resultados finales de cada uno de nuestros representantes: <\/p>\n\n\n\n<p><strong>Godoy Julieta:<\/strong> 2 puesto (Categor\u00eda tercera c 14 a\u00f1os)<\/p>\n\n\n\n<p><strong>Juarez Uma<\/strong>: 4 puesto (Categor\u00eda tercera c 14 a\u00f1os)<\/p>\n\n\n\n<p><strong>Araujo Bianca<\/strong>: 2 puesto (Categor\u00eda tercera c 11 a\u00f1os)<\/p>\n\n\n\n<p><strong>Petrucci Brunella<\/strong>: 1 puesto (Categor\u00eda tercera c 12 a\u00f1os)<\/p>\n\n\n\n<p><strong>Baez Zaira<\/strong>: 4 puesto (Categor\u00eda tercera c 13 a\u00f1os)<\/p>\n\n\n\n<p><strong>Salio Agustina:<\/strong> 6 puesto (Categor\u00eda tercera c mayores)<\/p>\n\n\n\n<p><strong>Correa Nicole<\/strong>: primer puesto (Categor\u00eda segunda c 10 a\u00f1os)<\/p>\n\n\n\n<p><strong>Gomez Micaela:<\/strong> 1 puesto (Categor\u00eda segunda c 11 a\u00f1os)<\/p>\n\n\n\n<p><strong>Navarro Sof\u00eda<\/strong>: 1 puesto (Categor\u00eda primera c 13 a\u00f1os)<\/p>\n\n\n\n<figure class=\"wp-block-image size-large\"><img loading=\"lazy\" decoding=\"async\" width=\"1024\" height=\"768\" src=\"https:\/\/villasancarlos.club\/vsc\/wp-content\/uploads\/2022\/06\/WhatsApp-Image-2022-06-20-at-7.30.28-PM-1-1024x768.jpeg\" alt=\"\" class=\"wp-image-20410\" srcset=\"https:\/\/villasancarlos.club\/vsc\/wp-content\/uploads\/2022\/06\/WhatsApp-Image-2022-06-20-at-7.30.28-PM-1-1024x768.jpeg 1024w, https:\/\/villasancarlos.club\/vsc\/wp-content\/uploads\/2022\/06\/WhatsApp-Image-2022-06-20-at-7.30.28-PM-1-300x225.jpeg 300w, https:\/\/villasancarlos.club\/vsc\/wp-content\/uploads\/2022\/06\/WhatsApp-Image-2022-06-20-at-7.30.28-PM-1-600x450.jpeg 600w, https:\/\/villasancarlos.club\/vsc\/wp-content\/uploads\/2022\/06\/WhatsApp-Image-2022-06-20-at-7.30.28-PM-1-768x576.jpeg 768w, https:\/\/villasancarlos.club\/vsc\/wp-content\/uploads\/2022\/06\/WhatsApp-Image-2022-06-20-at-7.30.28-PM-1-1536x1152.jpeg 1536w, https:\/\/villasancarlos.club\/vsc\/wp-content\/uploads\/2022\/06\/WhatsApp-Image-2022-06-20-at-7.30.28-PM-1-720x540.jpeg 720w, https:\/\/villasancarlos.club\/vsc\/wp-content\/uploads\/2022\/06\/WhatsApp-Image-2022-06-20-at-7.30.28-PM-1.jpeg 1600w\" sizes=\"auto, (max-width: 1024px) 100vw, 1024px\" \/><\/figure>\n\n\n\n<p><strong>DEBUTANDO EN  LA DIVISIONAL B<\/strong><\/p>\n\n\n\n<p><strong>Josefina Iglesias:<\/strong> 1 puesto (Categor\u00eda promocional b )<\/p>\n\n\n\n<p><strong>Garcia Joaqu\u00edn:<\/strong> 1 puesto (Categor\u00eda 3 B espoir)<\/p>\n\n\n\n<p><strong>Martina Herrera:<\/strong> 1 puesto (Categor\u00eda Segunda b Senior)<\/p>\n\n\n\n<p><strong>Tellechea Renata:<\/strong> 4 puesto (Categor\u00eda escuela formativa 10 a\u00f1os)<\/p>\n\n\n\n<p><strong>Palummo Helena:<\/strong> 5 puesto (categor\u00eda escuela formativa 11 a\u00f1os)<\/p>\n\n\n\n<p><strong>La Falce Delfina:<\/strong> 2 puesto (Categor\u00eda debutantes 7 a\u00f1os)<\/p>\n\n\n\n<p><strong>Lommi Margarita<\/strong>: 5 puesto (Categor\u00eda debutantes 7 a\u00f1os)<\/p>\n\n\n\n<p><strong>Larroca Bianca<\/strong>: 2 puesto (Categor\u00eda debutantes 8 a\u00f1os)<\/p>\n\n\n\n<p><strong>Villordo Francesca:<\/strong> 6 puesto (Categor\u00eda debutantes 9 a\u00f1os)<\/p>\n\n\n\n<p><strong>Ch\u00e1vez M\u00eda:<\/strong> 3 puesto (categor\u00eda debutantes 12 a\u00f1os)<\/p>\n\n\n\n<p><strong>Peralta Gaspar Yanay<\/strong>: 2 puesto (categor\u00eda quinta c 9 a\u00f1os)<\/p>\n\n\n\n<p><strong>Donati Bianca<\/strong>: 4 puesto (Categor\u00eda quinta c 9 a\u00f1os)<\/p>\n\n\n\n<p><strong>Aranda Maitena: <\/strong>5 puesto (Categor\u00eda quinta c 10 a\u00f1os)<\/p>\n\n\n\n<p><strong>Yugovaz Zoe:<\/strong> 3 puesto (Categor\u00eda c 10 a\u00f1os)<\/p>\n\n\n\n<p><strong>Coria Marina<\/strong>: 10 puesto (Categor\u00eda quinta c 12 a\u00f1os)<\/p>\n\n\n\n<p><strong>Altamirano Ingrid:<\/strong> 9 puesto (Categor\u00eda quinta c 12 a\u00f1os)<\/p>\n\n\n\n<figure class=\"wp-block-image size-large\"><img loading=\"lazy\" decoding=\"async\" width=\"1024\" height=\"484\" src=\"https:\/\/villasancarlos.club\/vsc\/wp-content\/uploads\/2022\/06\/WhatsApp-Image-2022-06-20-at-7.30.28-PM-1024x484.jpeg\" alt=\"\" class=\"wp-image-20411\" srcset=\"https:\/\/villasancarlos.club\/vsc\/wp-content\/uploads\/2022\/06\/WhatsApp-Image-2022-06-20-at-7.30.28-PM-1024x484.jpeg 1024w, https:\/\/villasancarlos.club\/vsc\/wp-content\/uploads\/2022\/06\/WhatsApp-Image-2022-06-20-at-7.30.28-PM-300x142.jpeg 300w, https:\/\/villasancarlos.club\/vsc\/wp-content\/uploads\/2022\/06\/WhatsApp-Image-2022-06-20-at-7.30.28-PM-600x284.jpeg 600w, https:\/\/villasancarlos.club\/vsc\/wp-content\/uploads\/2022\/06\/WhatsApp-Image-2022-06-20-at-7.30.28-PM-768x363.jpeg 768w, https:\/\/villasancarlos.club\/vsc\/wp-content\/uploads\/2022\/06\/WhatsApp-Image-2022-06-20-at-7.30.28-PM-1536x726.jpeg 1536w, https:\/\/villasancarlos.club\/vsc\/wp-content\/uploads\/2022\/06\/WhatsApp-Image-2022-06-20-at-7.30.28-PM.jpeg 1600w\" sizes=\"auto, (max-width: 1024px) 100vw, 1024px\" \/><\/figure>\n\n\n\n<p><strong>CATEGOR\u00cdA INICIACI\u00d3N PARTICIPARON<\/strong>:<\/p>\n\n\n\n<p><strong>Ib\u00e1\u00f1ez Martina<br>Benitez Alexia<br>Benitez Fiorella<br>Godoy Amparo<\/strong><br><strong>Del Vechio Paulina<\/strong><\/p>\n\n\n\n<p><\/p>\n","protected":false},"excerpt":{"rendered":"<p>El s\u00e1bado 18 de Junio en el club Circunvalaci\u00f3n se dio comienzo a la primera fecha de la Liga Oficial de Pat\u00edn &#8220;Categor\u00eda C&#8221; que organiza LIPLA. Un total de 30 patinadores representaron a Villa San Carlos bajo la atenta mirada de la Profesora, Yanina Horucade. La jornada comenz\u00f3 a las 9hs y culmin\u00f3 a [&#8230;]\n","protected":false},"author":1,"featured_media":20450,"comment_status":"open","ping_status":"open","sticky":false,"template":"","format":"standard","meta":{"footnotes":""},"categories":[9],"tags":[],"class_list":["post-20409","post","type-post","status-publish","format-standard","has-post-thumbnail","hentry","category-patin-artistico"],"_links":{"self":[{"href":"https:\/\/villasancarlos.club\/vsc\/wp-json\/wp\/v2\/posts\/20409","targetHints":{"allow":["GET"]}}],"collection":[{"href":"https:\/\/villasancarlos.club\/vsc\/wp-json\/wp\/v2\/posts"}],"about":[{"href":"https:\/\/villasancarlos.club\/vsc\/wp-json\/wp\/v2\/types\/post"}],"author":[{"embeddable":true,"href":"https:\/\/villasancarlos.club\/vsc\/wp-json\/wp\/v2\/users\/1"}],"replies":[{"embeddable":true,"href":"https:\/\/villasancarlos.club\/vsc\/wp-json\/wp\/v2\/comments?post=20409"}],"version-history":[{"count":3,"href":"https:\/\/villasancarlos.club\/vsc\/wp-json\/wp\/v2\/posts\/20409\/revisions"}],"predecessor-version":[{"id":20449,"href":"https:\/\/villasancarlos.club\/vsc\/wp-json\/wp\/v2\/posts\/20409\/revisions\/20449"}],"wp:featuredmedia":[{"embeddable":true,"href":"https:\/\/villasancarlos.club\/vsc\/wp-json\/wp\/v2\/media\/20450"}],"wp:attachment":[{"href":"https:\/\/villasancarlos.club\/vsc\/wp-json\/wp\/v2\/media?parent=20409"}],"wp:term":[{"taxonomy":"category","embeddable":true,"href":"https:\/\/villasancarlos.club\/vsc\/wp-json\/wp\/v2\/categories?post=20409"},{"taxonomy":"post_tag","embeddable":true,"href":"https:\/\/villasancarlos.club\/vsc\/wp-json\/wp\/v2\/tags?post=20409"}],"curies":[{"name":"wp","href":"https:\/\/api.w.org\/{rel}","templated":true}]}}