{"id":18753,"date":"2022-02-10T23:29:26","date_gmt":"2022-02-10T23:29:26","guid":{"rendered":"http:\/\/villasancarlos.club\/vsc\/?p=18753"},"modified":"2022-02-11T02:46:29","modified_gmt":"2022-02-11T02:46:29","slug":"charla-villera","status":"publish","type":"post","link":"https:\/\/villasancarlos.club\/vsc\/2022\/02\/charla-villera\/","title":{"rendered":"Charla &#8220;villera&#8221;"},"content":{"rendered":"\n<h2 class=\"wp-block-heading\" id=\"hoy-por-la-tarde-en-el-predio-de-chirola-romero-las-categorias-octava-y-novena-tuvieron-una-charla-con-gonzalo-raverta-pablo-miranda-y-alejo-lloyaiy-jugadores-del-plantel-de-primera-division-no-solo-se-hablo-del-sentido-de-pertenencia-tambien-se-inculco-la-importancia-del-entrenamiento-y-la-educacion-una-linda-iniciativa-desde-la-coordinacion-que-seguira-practicandose\">Hoy por la tarde, en el Predio de &#8220;Chirola&#8221; Romero, las categor\u00edas Octava y Novena tuvieron una charla con Gonzalo Raverta, Pablo Miranda y Alejo Lloyaiy , jugadores del plantel de Primera Divisi\u00f3n.<\/h2>\n\n\n\n<p id=\"hoy-por-la-tarde-en-el-predio-de-chirola-romero-las-categorias-octava-y-novena-tuvieron-una-charla-con-gonzalo-raverta-pablo-miranda-y-alejo-lloyaiy-jugadores-del-plantel-de-primera-division-no-solo-se-hablo-del-sentido-de-pertenencia-tambien-se-inculco-la-importancia-del-entrenamiento-y-la-educacion-una-linda-iniciativa-desde-la-coordinacion-que-seguira-practicandose\">Durante la charla no solo se habl\u00f3 del sentido del pertenencia, tambi\u00e9n se inculc\u00f3 la importancia del entrenamiento y la educaci\u00f3n.  Una linda iniciativa desde la Coordinaci\u00f3n que seguir\u00e1 practic\u00e1ndose.<\/p>\n\n\n\n<figure class=\"wp-block-image size-large\"><img loading=\"lazy\" decoding=\"async\" width=\"1024\" height=\"768\" src=\"https:\/\/villasancarlos.club\/vsc\/wp-content\/uploads\/2022\/02\/IMG-20220210-WA0056-1024x768.jpg\" alt=\"\" class=\"wp-image-18755\" srcset=\"https:\/\/villasancarlos.club\/vsc\/wp-content\/uploads\/2022\/02\/IMG-20220210-WA0056-1024x768.jpg 1024w, https:\/\/villasancarlos.club\/vsc\/wp-content\/uploads\/2022\/02\/IMG-20220210-WA0056-300x225.jpg 300w, https:\/\/villasancarlos.club\/vsc\/wp-content\/uploads\/2022\/02\/IMG-20220210-WA0056-600x450.jpg 600w, https:\/\/villasancarlos.club\/vsc\/wp-content\/uploads\/2022\/02\/IMG-20220210-WA0056-768x576.jpg 768w, https:\/\/villasancarlos.club\/vsc\/wp-content\/uploads\/2022\/02\/IMG-20220210-WA0056-640x480.jpg 640w, https:\/\/villasancarlos.club\/vsc\/wp-content\/uploads\/2022\/02\/IMG-20220210-WA0056-720x540.jpg 720w, https:\/\/villasancarlos.club\/vsc\/wp-content\/uploads\/2022\/02\/IMG-20220210-WA0056.jpg 1032w\" sizes=\"auto, (max-width: 1024px) 100vw, 1024px\" \/><\/figure>\n","protected":false},"excerpt":{"rendered":"<p>Hoy por la tarde, en el Predio de &#8220;Chirola&#8221; Romero, las categor\u00edas Octava y Novena tuvieron una charla con Gonzalo Raverta, Pablo Miranda y Alejo Lloyaiy , jugadores del plantel de Primera Divisi\u00f3n. Durante la charla no solo se habl\u00f3 del sentido del pertenencia, tambi\u00e9n se inculc\u00f3 la importancia del entrenamiento y la educaci\u00f3n. Una [&#8230;]\n","protected":false},"author":1,"featured_media":18768,"comment_status":"open","ping_status":"open","sticky":false,"template":"","format":"standard","meta":{"footnotes":""},"categories":[22],"tags":[23],"class_list":["post-18753","post","type-post","status-publish","format-standard","has-post-thumbnail","hentry","category-futbol-juvenil","tag-futbol-juvenil"],"_links":{"self":[{"href":"https:\/\/villasancarlos.club\/vsc\/wp-json\/wp\/v2\/posts\/18753","targetHints":{"allow":["GET"]}}],"collection":[{"href":"https:\/\/villasancarlos.club\/vsc\/wp-json\/wp\/v2\/posts"}],"about":[{"href":"https:\/\/villasancarlos.club\/vsc\/wp-json\/wp\/v2\/types\/post"}],"author":[{"embeddable":true,"href":"https:\/\/villasancarlos.club\/vsc\/wp-json\/wp\/v2\/users\/1"}],"replies":[{"embeddable":true,"href":"https:\/\/villasancarlos.club\/vsc\/wp-json\/wp\/v2\/comments?post=18753"}],"version-history":[{"count":4,"href":"https:\/\/villasancarlos.club\/vsc\/wp-json\/wp\/v2\/posts\/18753\/revisions"}],"predecessor-version":[{"id":18769,"href":"https:\/\/villasancarlos.club\/vsc\/wp-json\/wp\/v2\/posts\/18753\/revisions\/18769"}],"wp:featuredmedia":[{"embeddable":true,"href":"https:\/\/villasancarlos.club\/vsc\/wp-json\/wp\/v2\/media\/18768"}],"wp:attachment":[{"href":"https:\/\/villasancarlos.club\/vsc\/wp-json\/wp\/v2\/media?parent=18753"}],"wp:term":[{"taxonomy":"category","embeddable":true,"href":"https:\/\/villasancarlos.club\/vsc\/wp-json\/wp\/v2\/categories?post=18753"},{"taxonomy":"post_tag","embeddable":true,"href":"https:\/\/villasancarlos.club\/vsc\/wp-json\/wp\/v2\/tags?post=18753"}],"curies":[{"name":"wp","href":"https:\/\/api.w.org\/{rel}","templated":true}]}}