{"id":18750,"date":"2022-02-09T23:03:53","date_gmt":"2022-02-09T23:03:53","guid":{"rendered":"http:\/\/villasancarlos.club\/vsc\/?p=18750"},"modified":"2022-02-11T02:34:16","modified_gmt":"2022-02-11T02:34:16","slug":"hay-plantel","status":"publish","type":"post","link":"https:\/\/villasancarlos.club\/vsc\/2022\/02\/hay-plantel\/","title":{"rendered":"Hay Plantel"},"content":{"rendered":"\n<h2 class=\"wp-block-heading\" id=\"a-dias-de-comenzar-su-participacion-en-la-copa-de-campeones-la-reserva-que-dirige-jorge-profeta-se-prepara-jugando-amistosos-con-equipos-de-la-region-y-delineando-el-plantel-que-lo-lleve-a-jugar-en-el-torneo-de-reserva-de-la-primera-b-recordamos-que-el-domingo-a-las-17hs-en-el-genacio-salice-villa-san-carlos-recibe-a-villa-lenci-por-los-octavos-de-final-de-la-copa-a-continuacion-la-lista-de-buena-fe-aroza-matias-arramendi-braian-pacheco-ariel-barragan-cristian-cardozo-braian-gonzalez-nicolini-caetano-berrocal-gatica-diego-chaira-leiva-diego-guallama-felipe-villalba-francisco-bottero-galo-di-cecco-joaquin-bruzzoni-juan-cruz-harkes-juan-olmedo-juan-cao-lautaro-sejter-lautaro-parini-luciano-basualdo-martin-andrade-matias-martinez-matias-raitelli-matias-machuca-maximiliano-schmarson-nahuel-villafane-pablo-bolech-ramiro-demario-renzo-solis-angel-bassanetti-thiago-dominguez-diego-fernandez-octavio-y-del-campo-lionel\">A d\u00edas de comenzar su participaci\u00f3n en la Copa de Campeones, la Reserva que dirige Jorge Profeta se prepara jugando amistosos con equipos de la regi\u00f3n y delineando el plantel que lo lleve a jugar en el Torneo de Reserva de la Primera B. Recordamos que el domingo a las 17hs , en el Genacio Salice, Villa San Carlos recibe a Villa Lenci por los octavos de final de la Copa. <\/h2>\n\n\n\n<p id=\"a-dias-de-comenzar-su-participacion-en-la-copa-de-campeones-la-reserva-que-dirige-jorge-profeta-se-prepara-jugando-amistosos-con-equipos-de-la-region-y-delineando-el-plantel-que-lo-lleve-a-jugar-en-el-torneo-de-reserva-de-la-primera-b-recordamos-que-el-domingo-a-las-17hs-en-el-genacio-salice-villa-san-carlos-recibe-a-villa-lenci-por-los-octavos-de-final-de-la-copa-a-continuacion-la-lista-de-buena-fe-aroza-matias-arramendi-braian-pacheco-ariel-barragan-cristian-cardozo-braian-gonzalez-nicolini-caetano-berrocal-gatica-diego-chaira-leiva-diego-guallama-felipe-villalba-francisco-bottero-galo-di-cecco-joaquin-bruzzoni-juan-cruz-harkes-juan-olmedo-juan-cao-lautaro-sejter-lautaro-parini-luciano-basualdo-martin-andrade-matias-martinez-matias-raitelli-matias-machuca-maximiliano-schmarson-nahuel-villafane-pablo-bolech-ramiro-demario-renzo-solis-angel-bassanetti-thiago-dominguez-diego-fernandez-octavio-y-del-campo-lionel\">A continuaci\u00f3n la lista de buena fe: <strong>Aroza Mat\u00edas, Arramendi Braian, Pacheco Ariel, Barrag\u00e1n Cristian, Cardozo Braian, Gonz\u00e1lez Nicolini Caetano, Berrocal Gatica Diego, Chaira Leiva Diego, Guallama Felipe, Villalba Francisco, Bottero Galo, Di Cecco Joaquin, Bruzzoni Juan Cruz, Harkes Juan, Olmedo Juan, Cao Lautaro, Sejter Lautaro, Parini Luciano, Basualdo Mart\u00edn, Andrade Mat\u00edas, Mart\u00ednez Mat\u00edas, Raitelli Mat\u00edas, Machuca Maximiliano, Schmarson Nahuel, Villafa\u00f1e Pablo, Bolech Ramiro, Demario Renzo, Solis \u00c1ngel, Bassanetti Thiago, Dominguez Diego, Fern\u00e1ndez Octavio y Del Campo Lionel. <\/strong><\/p>\n","protected":false},"excerpt":{"rendered":"<p>A d\u00edas de comenzar su participaci\u00f3n en la Copa de Campeones, la Reserva que dirige Jorge Profeta se prepara jugando amistosos con equipos de la regi\u00f3n y delineando el plantel que lo lleve a jugar en el Torneo de Reserva de la Primera B. Recordamos que el domingo a las 17hs , en el Genacio [&#8230;]\n","protected":false},"author":1,"featured_media":18764,"comment_status":"open","ping_status":"open","sticky":false,"template":"","format":"standard","meta":{"footnotes":""},"categories":[17],"tags":[76],"class_list":["post-18750","post","type-post","status-publish","format-standard","has-post-thumbnail","hentry","category-tercera-division","tag-tercera-division"],"_links":{"self":[{"href":"https:\/\/villasancarlos.club\/vsc\/wp-json\/wp\/v2\/posts\/18750","targetHints":{"allow":["GET"]}}],"collection":[{"href":"https:\/\/villasancarlos.club\/vsc\/wp-json\/wp\/v2\/posts"}],"about":[{"href":"https:\/\/villasancarlos.club\/vsc\/wp-json\/wp\/v2\/types\/post"}],"author":[{"embeddable":true,"href":"https:\/\/villasancarlos.club\/vsc\/wp-json\/wp\/v2\/users\/1"}],"replies":[{"embeddable":true,"href":"https:\/\/villasancarlos.club\/vsc\/wp-json\/wp\/v2\/comments?post=18750"}],"version-history":[{"count":2,"href":"https:\/\/villasancarlos.club\/vsc\/wp-json\/wp\/v2\/posts\/18750\/revisions"}],"predecessor-version":[{"id":18765,"href":"https:\/\/villasancarlos.club\/vsc\/wp-json\/wp\/v2\/posts\/18750\/revisions\/18765"}],"wp:featuredmedia":[{"embeddable":true,"href":"https:\/\/villasancarlos.club\/vsc\/wp-json\/wp\/v2\/media\/18764"}],"wp:attachment":[{"href":"https:\/\/villasancarlos.club\/vsc\/wp-json\/wp\/v2\/media?parent=18750"}],"wp:term":[{"taxonomy":"category","embeddable":true,"href":"https:\/\/villasancarlos.club\/vsc\/wp-json\/wp\/v2\/categories?post=18750"},{"taxonomy":"post_tag","embeddable":true,"href":"https:\/\/villasancarlos.club\/vsc\/wp-json\/wp\/v2\/tags?post=18750"}],"curies":[{"name":"wp","href":"https:\/\/api.w.org\/{rel}","templated":true}]}}