{"id":18745,"date":"2022-02-09T22:45:13","date_gmt":"2022-02-09T22:45:13","guid":{"rendered":"http:\/\/villasancarlos.club\/vsc\/?p=18745"},"modified":"2022-02-11T02:18:51","modified_gmt":"2022-02-11T02:18:51","slug":"comenzaron-las-juveniles","status":"publish","type":"post","link":"https:\/\/villasancarlos.club\/vsc\/2022\/02\/comenzaron-las-juveniles\/","title":{"rendered":"Comenzaron las juveniles"},"content":{"rendered":"\n<h2 class=\"wp-block-heading\" id=\"la-primera-semana-de-febrero-dio-comienzo-a-la-pretemporada-de-todas-las-categorias-juveniles-que-van-a-participar-del-torneo-de-afa-en-juveniles-b-y-en-torneo-proyeccion-que-organiza-la-liga-amateur-platense-la-coordinacion-consiguio-dos-buenos-predios-donde-van-a-desarrollar-no-solo-la-pretemporada-sino-los-entrenamientos-durante-el-dia-en-las-casuarinas-ubicado-en-los-hornos-y-en-las-instalaciones-de-la-quinta-de-chirola-romero-seran-testigos-del-dia-a-dia-de-los-chicos-los-ultimos-en-comenzar-la-pretemporada-fueron-las-categorias-7ma-8va-y-9na-las-mayores-en-conjunto-con-la-reserva-habian-comenzado-a-fines-de-enero\">La primera semana de Febrero dio comienzo a la pretemporada de todas las categor\u00edas juveniles que van a participar del Torneo de AFA en Juveniles B y en Torneo Proyecci\u00f3n que organiza la Liga Amateur Platense. <\/h2>\n\n\n\n<p id=\"la-primera-semana-de-febrero-dio-comienzo-a-la-pretemporada-de-todas-las-categorias-juveniles-que-van-a-participar-del-torneo-de-afa-en-juveniles-b-y-en-torneo-proyeccion-que-organiza-la-liga-amateur-platense-la-coordinacion-consiguio-dos-buenos-predios-donde-van-a-desarrollar-no-solo-la-pretemporada-sino-los-entrenamientos-durante-el-dia-en-las-casuarinas-ubicado-en-los-hornos-y-en-las-instalaciones-de-la-quinta-de-chirola-romero-seran-testigos-del-dia-a-dia-de-los-chicos-los-ultimos-en-comenzar-la-pretemporada-fueron-las-categorias-7ma-8va-y-9na-las-mayores-en-conjunto-con-la-reserva-habian-comenzado-a-fines-de-enero\">La coordinaci\u00f3n consigui\u00f3 dos buenos predios donde van a desarrollar no solo la pretemporada, sino los entrenamientos durante el d\u00eda. Los mismos son &#8220;Las Casuarinas&#8221; ubicado en Los Hornos, mientras que el otro Predio es en las instalaciones de la quinta de &#8220;Chirola&#8221; Romero. Los \u00faltimos en comenzar la pretemporada fueron las categor\u00edas 7ma , 8va y 9na, las mayores en conjunto con la Reserva hab\u00edan comenzado a fines de Enero.<\/p>\n\n\n\n<p>Por \u00faltimo, recordamos que la pre novena empezara a entrenar el 14 de Febrero y tendr\u00e1n su periodo de adaptaci\u00f3n y competici\u00f3n para el futuro traspaso a la 9na Divisi\u00f3n.<\/p>\n\n\n\n<figure class=\"wp-block-image size-large\"><img loading=\"lazy\" decoding=\"async\" width=\"1024\" height=\"766\" src=\"https:\/\/villasancarlos.club\/vsc\/wp-content\/uploads\/2022\/02\/WhatsApp-Image-2022-02-07-at-20.39.35-1-1024x766.jpeg\" alt=\"\" class=\"wp-image-18747\" srcset=\"https:\/\/villasancarlos.club\/vsc\/wp-content\/uploads\/2022\/02\/WhatsApp-Image-2022-02-07-at-20.39.35-1-1024x766.jpeg 1024w, https:\/\/villasancarlos.club\/vsc\/wp-content\/uploads\/2022\/02\/WhatsApp-Image-2022-02-07-at-20.39.35-1-300x224.jpeg 300w, https:\/\/villasancarlos.club\/vsc\/wp-content\/uploads\/2022\/02\/WhatsApp-Image-2022-02-07-at-20.39.35-1-600x449.jpeg 600w, https:\/\/villasancarlos.club\/vsc\/wp-content\/uploads\/2022\/02\/WhatsApp-Image-2022-02-07-at-20.39.35-1-768x575.jpeg 768w, https:\/\/villasancarlos.club\/vsc\/wp-content\/uploads\/2022\/02\/WhatsApp-Image-2022-02-07-at-20.39.35-1-1536x1149.jpeg 1536w, https:\/\/villasancarlos.club\/vsc\/wp-content\/uploads\/2022\/02\/WhatsApp-Image-2022-02-07-at-20.39.35-1-640x479.jpeg 640w, https:\/\/villasancarlos.club\/vsc\/wp-content\/uploads\/2022\/02\/WhatsApp-Image-2022-02-07-at-20.39.35-1-720x540.jpeg 720w, https:\/\/villasancarlos.club\/vsc\/wp-content\/uploads\/2022\/02\/WhatsApp-Image-2022-02-07-at-20.39.35-1.jpeg 1600w\" sizes=\"auto, (max-width: 1024px) 100vw, 1024px\" \/><\/figure>\n\n\n\n<figure class=\"wp-block-gallery has-nested-images columns-default is-cropped wp-block-gallery-1 is-layout-flex wp-block-gallery-is-layout-flex\">\n<figure class=\"wp-block-image size-large\"><img loading=\"lazy\" decoding=\"async\" width=\"1024\" height=\"766\" data-id=\"18748\" src=\"https:\/\/villasancarlos.club\/vsc\/wp-content\/uploads\/2022\/02\/WhatsApp-Image-2022-02-07-at-20.39.35-1024x766.jpeg\" alt=\"\" class=\"wp-image-18748\" srcset=\"https:\/\/villasancarlos.club\/vsc\/wp-content\/uploads\/2022\/02\/WhatsApp-Image-2022-02-07-at-20.39.35-1024x766.jpeg 1024w, https:\/\/villasancarlos.club\/vsc\/wp-content\/uploads\/2022\/02\/WhatsApp-Image-2022-02-07-at-20.39.35-300x224.jpeg 300w, https:\/\/villasancarlos.club\/vsc\/wp-content\/uploads\/2022\/02\/WhatsApp-Image-2022-02-07-at-20.39.35-600x449.jpeg 600w, https:\/\/villasancarlos.club\/vsc\/wp-content\/uploads\/2022\/02\/WhatsApp-Image-2022-02-07-at-20.39.35-768x575.jpeg 768w, https:\/\/villasancarlos.club\/vsc\/wp-content\/uploads\/2022\/02\/WhatsApp-Image-2022-02-07-at-20.39.35-1536x1149.jpeg 1536w, https:\/\/villasancarlos.club\/vsc\/wp-content\/uploads\/2022\/02\/WhatsApp-Image-2022-02-07-at-20.39.35-640x479.jpeg 640w, https:\/\/villasancarlos.club\/vsc\/wp-content\/uploads\/2022\/02\/WhatsApp-Image-2022-02-07-at-20.39.35-720x540.jpeg 720w, https:\/\/villasancarlos.club\/vsc\/wp-content\/uploads\/2022\/02\/WhatsApp-Image-2022-02-07-at-20.39.35.jpeg 1600w\" sizes=\"auto, (max-width: 1024px) 100vw, 1024px\" \/><\/figure>\n<\/figure>\n","protected":false},"excerpt":{"rendered":"<p>La primera semana de Febrero dio comienzo a la pretemporada de todas las categor\u00edas juveniles que van a participar del Torneo de AFA en Juveniles B y en Torneo Proyecci\u00f3n que organiza la Liga Amateur Platense. La coordinaci\u00f3n consigui\u00f3 dos buenos predios donde van a desarrollar no solo la pretemporada, sino los entrenamientos durante el [&#8230;]\n","protected":false},"author":1,"featured_media":18761,"comment_status":"open","ping_status":"open","sticky":false,"template":"","format":"standard","meta":{"footnotes":""},"categories":[22],"tags":[23],"class_list":["post-18745","post","type-post","status-publish","format-standard","has-post-thumbnail","hentry","category-futbol-juvenil","tag-futbol-juvenil"],"_links":{"self":[{"href":"https:\/\/villasancarlos.club\/vsc\/wp-json\/wp\/v2\/posts\/18745","targetHints":{"allow":["GET"]}}],"collection":[{"href":"https:\/\/villasancarlos.club\/vsc\/wp-json\/wp\/v2\/posts"}],"about":[{"href":"https:\/\/villasancarlos.club\/vsc\/wp-json\/wp\/v2\/types\/post"}],"author":[{"embeddable":true,"href":"https:\/\/villasancarlos.club\/vsc\/wp-json\/wp\/v2\/users\/1"}],"replies":[{"embeddable":true,"href":"https:\/\/villasancarlos.club\/vsc\/wp-json\/wp\/v2\/comments?post=18745"}],"version-history":[{"count":2,"href":"https:\/\/villasancarlos.club\/vsc\/wp-json\/wp\/v2\/posts\/18745\/revisions"}],"predecessor-version":[{"id":18762,"href":"https:\/\/villasancarlos.club\/vsc\/wp-json\/wp\/v2\/posts\/18745\/revisions\/18762"}],"wp:featuredmedia":[{"embeddable":true,"href":"https:\/\/villasancarlos.club\/vsc\/wp-json\/wp\/v2\/media\/18761"}],"wp:attachment":[{"href":"https:\/\/villasancarlos.club\/vsc\/wp-json\/wp\/v2\/media?parent=18745"}],"wp:term":[{"taxonomy":"category","embeddable":true,"href":"https:\/\/villasancarlos.club\/vsc\/wp-json\/wp\/v2\/categories?post=18745"},{"taxonomy":"post_tag","embeddable":true,"href":"https:\/\/villasancarlos.club\/vsc\/wp-json\/wp\/v2\/tags?post=18745"}],"curies":[{"name":"wp","href":"https:\/\/api.w.org\/{rel}","templated":true}]}}