{"id":18160,"date":"2021-12-07T14:58:56","date_gmt":"2021-12-07T14:58:56","guid":{"rendered":"http:\/\/villasancarlos.club\/vsc\/?p=18160"},"modified":"2021-12-07T14:58:56","modified_gmt":"2021-12-07T14:58:56","slug":"comunicado-de-prensa-sobre-la-salida-de-andres-yllana","status":"publish","type":"post","link":"https:\/\/villasancarlos.club\/vsc\/2021\/12\/comunicado-de-prensa-sobre-la-salida-de-andres-yllana\/","title":{"rendered":"Comunicado de Prensa sobre la salida de Andr\u00e9s Yllana"},"content":{"rendered":"<p><strong>El Club Atl\u00e9tico Villa San Carlos hace oficial la salida de Andr\u00e9s Yllana como entrenador del primer equipo de F\u00fatbol. En las pr\u00f3ximas horas se reunir\u00e1 con la dirigencia para rescindir su v\u00ednculo.<\/strong><\/p>\n<p>Luego de finalizar su participaci\u00f3n en el Torneo Complemento de la Primera B, este lunes el entrenador tom\u00f3 la decisi\u00f3n de dar un paso al costado y emprender nuevos desaf\u00edos en su carrera, por lo que se lo comunic\u00f3 al Presidente de la instituci\u00f3n.<\/p>\n<p>Durante el entrenamiento del d\u00eda de hoy en el Estadio Genacio S\u00e1lice se despidi\u00f3 del plantel profesional.<\/p>\n<p>Yllana lleg\u00f3 a la instituci\u00f3n en el mes de agosto y dirigi\u00f3 un total de 15 encuentros, habiendo logrado tres triunfos, siete empates y cinco derrotas.<\/p>\n<p>Tras la pr\u00e1ctica de esta ma\u00f1ana, el plantel qued\u00f3 licenciado hasta el pr\u00f3ximo 13 de diciembre, donde deber\u00e1n presentarse a entrenar en el Estadio Genacio S\u00e1lice.<\/p>\n<p>&nbsp;<\/p>\n<p>&nbsp;<\/p>\n<p>&nbsp;<\/p>\n","protected":false},"excerpt":{"rendered":"<p>El Club Atl\u00e9tico Villa San Carlos hace oficial la salida de Andr\u00e9s Yllana como entrenador del primer equipo de F\u00fatbol. En las pr\u00f3ximas horas se reunir\u00e1 con la dirigencia para rescindir su v\u00ednculo. Luego de finalizar su participaci\u00f3n en el Torneo Complemento de la Primera B, este lunes el entrenador tom\u00f3 la decisi\u00f3n de dar [&#8230;]\n","protected":false},"author":1,"featured_media":15598,"comment_status":"open","ping_status":"open","sticky":false,"template":"","format":"standard","meta":{"footnotes":""},"categories":[4,19],"tags":[5,20],"class_list":["post-18160","post","type-post","status-publish","format-standard","has-post-thumbnail","hentry","category-futbol-1ra-division","category-institucional","tag-futbol-1ra-division","tag-institucional"],"_links":{"self":[{"href":"https:\/\/villasancarlos.club\/vsc\/wp-json\/wp\/v2\/posts\/18160","targetHints":{"allow":["GET"]}}],"collection":[{"href":"https:\/\/villasancarlos.club\/vsc\/wp-json\/wp\/v2\/posts"}],"about":[{"href":"https:\/\/villasancarlos.club\/vsc\/wp-json\/wp\/v2\/types\/post"}],"author":[{"embeddable":true,"href":"https:\/\/villasancarlos.club\/vsc\/wp-json\/wp\/v2\/users\/1"}],"replies":[{"embeddable":true,"href":"https:\/\/villasancarlos.club\/vsc\/wp-json\/wp\/v2\/comments?post=18160"}],"version-history":[{"count":1,"href":"https:\/\/villasancarlos.club\/vsc\/wp-json\/wp\/v2\/posts\/18160\/revisions"}],"predecessor-version":[{"id":18161,"href":"https:\/\/villasancarlos.club\/vsc\/wp-json\/wp\/v2\/posts\/18160\/revisions\/18161"}],"wp:featuredmedia":[{"embeddable":true,"href":"https:\/\/villasancarlos.club\/vsc\/wp-json\/wp\/v2\/media\/15598"}],"wp:attachment":[{"href":"https:\/\/villasancarlos.club\/vsc\/wp-json\/wp\/v2\/media?parent=18160"}],"wp:term":[{"taxonomy":"category","embeddable":true,"href":"https:\/\/villasancarlos.club\/vsc\/wp-json\/wp\/v2\/categories?post=18160"},{"taxonomy":"post_tag","embeddable":true,"href":"https:\/\/villasancarlos.club\/vsc\/wp-json\/wp\/v2\/tags?post=18160"}],"curies":[{"name":"wp","href":"https:\/\/api.w.org\/{rel}","templated":true}]}}