{"id":16269,"date":"2021-08-14T02:01:22","date_gmt":"2021-08-14T02:01:22","guid":{"rendered":"http:\/\/villasancarlos.club\/vsc\/?p=16269"},"modified":"2021-08-14T02:01:22","modified_gmt":"2021-08-14T02:01:22","slug":"se-viene-lafe-y-ateneo","status":"publish","type":"post","link":"https:\/\/villasancarlos.club\/vsc\/2021\/08\/se-viene-lafe-y-ateneo\/","title":{"rendered":"Se viene &#8220;Lafe&#8221; y Ateneo"},"content":{"rendered":"<p>Los juveniles de Villa San Carlos tendr\u00e1n mucha acci\u00f3n en el fin de semana largo. Por la sexta fecha del torneo Juveniles B (Zona B) , el &#8220;celeste&#8221; enfrenta a Deportivo Laferrere el d\u00eda s\u00e1bado. Las categor\u00edas mayores lo har\u00e1n en el predio del &#8220;verde&#8221;, mientras que las menores en el &#8220;Pasi\u00f3n Villera&#8221; a partir de las 10hs. Por su parte, en el Torneo Proyecci\u00f3n\u00a0 que organiza la Liga Amateur Platense, se jugar\u00e1 la tercera fecha y San Carlos visitara a Ateneo Popular el d\u00eda lunes en 532 y 117 a partir de las 9:30hs. Jugaran todas las categor\u00edas , salvo la 2004 porque el local no presenta equipo.<\/p>\n","protected":false},"excerpt":{"rendered":"<p>Los juveniles de Villa San Carlos tendr\u00e1n mucha acci\u00f3n en el fin de semana largo. Por la sexta fecha del torneo Juveniles B (Zona B) , el &#8220;celeste&#8221; enfrenta a Deportivo Laferrere el d\u00eda s\u00e1bado. Las categor\u00edas mayores lo har\u00e1n en el predio del &#8220;verde&#8221;, mientras que las menores en el &#8220;Pasi\u00f3n Villera&#8221; a partir [&#8230;]\n","protected":false},"author":1,"featured_media":15333,"comment_status":"open","ping_status":"open","sticky":false,"template":"","format":"standard","meta":{"footnotes":""},"categories":[22],"tags":[23],"class_list":["post-16269","post","type-post","status-publish","format-standard","has-post-thumbnail","hentry","category-futbol-juvenil","tag-futbol-juvenil"],"_links":{"self":[{"href":"https:\/\/villasancarlos.club\/vsc\/wp-json\/wp\/v2\/posts\/16269","targetHints":{"allow":["GET"]}}],"collection":[{"href":"https:\/\/villasancarlos.club\/vsc\/wp-json\/wp\/v2\/posts"}],"about":[{"href":"https:\/\/villasancarlos.club\/vsc\/wp-json\/wp\/v2\/types\/post"}],"author":[{"embeddable":true,"href":"https:\/\/villasancarlos.club\/vsc\/wp-json\/wp\/v2\/users\/1"}],"replies":[{"embeddable":true,"href":"https:\/\/villasancarlos.club\/vsc\/wp-json\/wp\/v2\/comments?post=16269"}],"version-history":[{"count":1,"href":"https:\/\/villasancarlos.club\/vsc\/wp-json\/wp\/v2\/posts\/16269\/revisions"}],"predecessor-version":[{"id":16270,"href":"https:\/\/villasancarlos.club\/vsc\/wp-json\/wp\/v2\/posts\/16269\/revisions\/16270"}],"wp:featuredmedia":[{"embeddable":true,"href":"https:\/\/villasancarlos.club\/vsc\/wp-json\/wp\/v2\/media\/15333"}],"wp:attachment":[{"href":"https:\/\/villasancarlos.club\/vsc\/wp-json\/wp\/v2\/media?parent=16269"}],"wp:term":[{"taxonomy":"category","embeddable":true,"href":"https:\/\/villasancarlos.club\/vsc\/wp-json\/wp\/v2\/categories?post=16269"},{"taxonomy":"post_tag","embeddable":true,"href":"https:\/\/villasancarlos.club\/vsc\/wp-json\/wp\/v2\/tags?post=16269"}],"curies":[{"name":"wp","href":"https:\/\/api.w.org\/{rel}","templated":true}]}}