{"id":15442,"date":"2021-04-17T01:00:26","date_gmt":"2021-04-17T01:00:26","guid":{"rendered":"http:\/\/villasancarlos.club\/vsc\/?p=15442"},"modified":"2021-04-17T01:00:26","modified_gmt":"2021-04-17T01:00:26","slug":"a-recuperar-la-confianza-en-casa","status":"publish","type":"post","link":"https:\/\/villasancarlos.club\/vsc\/2021\/04\/a-recuperar-la-confianza-en-casa\/","title":{"rendered":"A recuperar la confianza en casa"},"content":{"rendered":"<p><strong>Este s\u00e1bado Villa San Carlos estar\u00e1 recibiendo a su par de Colegiales en Berisso por el encuentro correspondiente a la s\u00e9ptima fecha del Torneo Apertura de la Primera B. Am\u00e9rico Monsalvo ser\u00e1 el juez que imparta justicia en el Genacio S\u00e1lice.<\/strong><\/p>\n<p>El conjunto villero intentar\u00e1 levantarse de la ca\u00edda en Lomas de Zamora del \u00faltimo lunes, donde cay\u00f3 por la m\u00ednima frente a Los Andes. El &#8220;cele&#8221; no tendr\u00e1 una tarea f\u00e1cil, ya que enfrente tendr\u00e1 al &#8220;tricolor&#8221; de Munro, rival que tambi\u00e9n llega de caer y necesitar\u00e1 levantar en tierras berissenses.<\/p>\n<p>El conjunto dirigido por Dar\u00edo Lema llega de perder como local 2 a 1 frente al l\u00edder Defensores Unidos de Z\u00e1rate. Los de Munro acumulan siete unidades (un partido menos) , producto de dos triunfos, un empate y dos derrotas.<\/p>\n<p>En su \u00faltima presentaci\u00f3n como visitante, Colegiales consigui\u00f3 un gran resultado, al imponerse frente a F\u00e9nix 4 a 3 en cancha de Sportivo Italiano.<\/p>\n<p>Por el lado de San Carlos, Laureano Franchi trabaj\u00f3 duro en la semana, buscando la mejor opci\u00f3n para revertir la imagen mostrada\u00a0 frente al &#8220;milrayitas&#8221;.<\/p>\n<p>En cuanto a la \u00faltima citaci\u00f3n, salieron de los convocados Javier Sequeyra y Juan Ignacio Silva y en su lugar ingresaron Pablo Miranda, quien vuelve de una lesi\u00f3n tras la segunda fecha del torneo, y Nicol\u00e1s Grasso quien por primera vez se mete en la lista de los 18.<\/p>\n<p><img loading=\"lazy\" decoding=\"async\" class=\"aligncenter size-full wp-image-15443\" src=\"https:\/\/villasancarlos.club\/vsc\/wp-content\/uploads\/2021\/04\/convocados-9.jpg\" alt=\"\" width=\"1080\" height=\"1080\" srcset=\"https:\/\/villasancarlos.club\/vsc\/wp-content\/uploads\/2021\/04\/convocados-9.jpg 1080w, https:\/\/villasancarlos.club\/vsc\/wp-content\/uploads\/2021\/04\/convocados-9-300x300.jpg 300w, https:\/\/villasancarlos.club\/vsc\/wp-content\/uploads\/2021\/04\/convocados-9-100x100.jpg 100w, https:\/\/villasancarlos.club\/vsc\/wp-content\/uploads\/2021\/04\/convocados-9-600x600.jpg 600w, https:\/\/villasancarlos.club\/vsc\/wp-content\/uploads\/2021\/04\/convocados-9-150x150.jpg 150w, https:\/\/villasancarlos.club\/vsc\/wp-content\/uploads\/2021\/04\/convocados-9-768x768.jpg 768w, https:\/\/villasancarlos.club\/vsc\/wp-content\/uploads\/2021\/04\/convocados-9-1024x1024.jpg 1024w\" sizes=\"auto, (max-width: 1080px) 100vw, 1080px\" \/><\/p>\n<p>El \u00faltimo antecedente entre estos elencos fue justamente en Berisso por la quinta fecha del Torneo Clausura 2020 de Primera B. En aquella tarde fue triunfo de Villa San Carlos por 2 a 1 con tantos de Ignacio Oron\u00e1 y Juan Ignacio Saborido para el local y de Marcos Godoy para la visita.<\/p>\n<p dir=\"ltr\"><strong>PARTE M\u00c9DICO:<\/strong><\/p>\n<p dir=\"ltr\"><strong>*Ignacio Oron\u00e1:<\/strong>\u00a0El capit\u00e1n se recupera de una rotura del Ligamento Cruzado Anterior + lesi\u00f3n del menisco externo de la rodilla derecha.<\/p>\n<p dir=\"ltr\"><strong>*Nahuel Fennandes Silva:<\/strong>\u00a0Se resinti\u00f3 de una Distensi\u00f3n en el isquiotibial derecho.<\/p>\n<p dir=\"ltr\"><strong>*Tom\u00e1s Uvilla:<\/strong>\u00a0Esguince grado 2 del tobillo izquierdo.<\/p>\n<p dir=\"ltr\"><strong>*Luciano Mach\u00ecn:<\/strong>\u00a0Positivo de Covid-19 (El jugador se encuentra cumpliendo con el aislamiento correspondiente)<\/p>\n<p dir=\"ltr\"><strong>*Nicol\u00e1s Tauber:<\/strong> Positivo de Covid-19 (El jugador se encuentra cumpliendo con el aislamiento correspondiente)<\/p>\n<p dir=\"ltr\"><strong>*Ezequiel Aguimcer:\u00a0<\/strong>Aislado por contacto estrecho con positivo de Covid-19.<\/p>\n<p dir=\"ltr\">\n<p dir=\"ltr\"><strong>HISTORIAL VS COLEGIALES<\/strong><\/p>\n<p dir=\"ltr\"><img loading=\"lazy\" decoding=\"async\" class=\"aligncenter size-full wp-image-15444\" src=\"https:\/\/villasancarlos.club\/vsc\/wp-content\/uploads\/2021\/04\/HISTORIAL-VS-COLEGIALES-.jpg\" alt=\"\" width=\"1080\" height=\"1080\" srcset=\"https:\/\/villasancarlos.club\/vsc\/wp-content\/uploads\/2021\/04\/HISTORIAL-VS-COLEGIALES-.jpg 1080w, https:\/\/villasancarlos.club\/vsc\/wp-content\/uploads\/2021\/04\/HISTORIAL-VS-COLEGIALES--300x300.jpg 300w, https:\/\/villasancarlos.club\/vsc\/wp-content\/uploads\/2021\/04\/HISTORIAL-VS-COLEGIALES--100x100.jpg 100w, https:\/\/villasancarlos.club\/vsc\/wp-content\/uploads\/2021\/04\/HISTORIAL-VS-COLEGIALES--600x600.jpg 600w, https:\/\/villasancarlos.club\/vsc\/wp-content\/uploads\/2021\/04\/HISTORIAL-VS-COLEGIALES--150x150.jpg 150w, https:\/\/villasancarlos.club\/vsc\/wp-content\/uploads\/2021\/04\/HISTORIAL-VS-COLEGIALES--768x768.jpg 768w, https:\/\/villasancarlos.club\/vsc\/wp-content\/uploads\/2021\/04\/HISTORIAL-VS-COLEGIALES--1024x1024.jpg 1024w\" sizes=\"auto, (max-width: 1080px) 100vw, 1080px\" \/><\/p>\n<p dir=\"ltr\"><strong>PARTIDOS JUGADOS:<\/strong>\u00a036 (Primera C y Primera B)<\/p>\n<p dir=\"ltr\"><strong>GAN\u00d3 VILLA SAN CARLOS:<\/strong>\u00a013 (40 Goles)<\/p>\n<p dir=\"ltr\"><strong>GAN\u00d3 COLEGIALES:<\/strong>\u00a015 (46Goles)<\/p>\n<p dir=\"ltr\"><strong>EMPATARON:<\/strong>\u00a08<\/p>\n<p><strong>M\u00c0XIMO GOLEADORES:<\/strong>\u00a0Osvaldo Gonz\u00e1lez (3) e Ignacio Oron\u00e1 (3).<\/p>\n<p>&nbsp;<\/p>\n<p dir=\"ltr\"><strong>\u00daLTIMO ENCUENTRO:<\/strong>\u00a022\/02\/20<\/p>\n<p dir=\"ltr\">FECHA 5 (Primera B \u2013 Torneo Clausura 2020)<\/p>\n<p dir=\"ltr\"><strong>Villa San Carlos.2 (Ignacio Oron\u00e1 y Juan Ignacio Saborido)<\/strong>\u00a0vs Colegiales.1 (Marcos Godoy).<\/p>\n<p dir=\"ltr\"><strong>Estadio:<\/strong>\u00a0Genacio S\u00e1lice (Villa San Carlos)<\/p>\n<p dir=\"ltr\">\n<p>&nbsp;<\/p>\n<p dir=\"ltr\">\n<p dir=\"ltr\"><strong>EL \u00c1RBITRO<\/strong><\/p>\n<p dir=\"ltr\"><img loading=\"lazy\" decoding=\"async\" class=\"aligncenter size-full wp-image-15445\" src=\"https:\/\/villasancarlos.club\/vsc\/wp-content\/uploads\/2021\/04\/AMERICO-MONSALVO.jpg\" alt=\"\" width=\"1280\" height=\"851\" srcset=\"https:\/\/villasancarlos.club\/vsc\/wp-content\/uploads\/2021\/04\/AMERICO-MONSALVO.jpg 1280w, https:\/\/villasancarlos.club\/vsc\/wp-content\/uploads\/2021\/04\/AMERICO-MONSALVO-300x199.jpg 300w, https:\/\/villasancarlos.club\/vsc\/wp-content\/uploads\/2021\/04\/AMERICO-MONSALVO-600x399.jpg 600w, https:\/\/villasancarlos.club\/vsc\/wp-content\/uploads\/2021\/04\/AMERICO-MONSALVO-768x511.jpg 768w, https:\/\/villasancarlos.club\/vsc\/wp-content\/uploads\/2021\/04\/AMERICO-MONSALVO-1024x681.jpg 1024w\" sizes=\"auto, (max-width: 1280px) 100vw, 1280px\" \/><\/p>\n<p dir=\"ltr\">El juez dirigi\u00f3 por \u00faltima vez al villero el 13 de marzo de 2021, por el encuentro de la segunda fecha frente a Acassuso en condici\u00f3n de visitante. Aquella tarde fue derrota de la &#8220;villa&#8221; por 2 a 1 en Ingeniero Maschwitz en una pol\u00e9mica tarde, donde se anul\u00f3 un gol l\u00edcito que priv\u00f3 al conjunto de Laureano Franchi empatar el encuentro.<\/p>\n<p><strong>Por |<\/strong>\u00a0Alan Molina<\/p>\n<p>&nbsp;<\/p>\n<p dir=\"ltr\"><strong>FICHA DE PARTIDO:<\/strong><\/p>\n<p dir=\"ltr\"><strong>Hora:<\/strong>\u00a015.30<\/p>\n<p dir=\"ltr\"><strong>\u00c1rbitro:<\/strong>\u00a0Am\u00e9rico Monsalvo.<\/p>\n<p dir=\"ltr\"><strong>Asistentes:<\/strong>\u00a0Fernando Ben\u00edtez (1) y H\u00e9ctor Bracho G\u00f3mez (2)<\/p>\n<p dir=\"ltr\"><strong>Cuarto \u00c1rbitro:<\/strong>\u00a0Lucas Di Bastiano.<\/p>\n<p dir=\"ltr\"><strong>Estadio:<\/strong>\u00a0Genacio S\u00e1lice (Villa San Carlos).<\/p>\n<p dir=\"ltr\"><strong>TV:<\/strong>\u00a0TyC Sports Play<\/p>\n<p dir=\"ltr\"><strong>TRANSMISIONES:<\/strong> Celeste y Nada M\u00e1s (FM La Plata 96.7) y Gol y Gambeta (Radio Night).<\/p>\n","protected":false},"excerpt":{"rendered":"<p>Este s\u00e1bado Villa San Carlos estar\u00e1 recibiendo a su par de Colegiales en Berisso por el encuentro correspondiente a la s\u00e9ptima fecha del Torneo Apertura de la Primera B. Am\u00e9rico Monsalvo ser\u00e1 el juez que imparta justicia en el Genacio S\u00e1lice. El conjunto villero intentar\u00e1 levantarse de la ca\u00edda en Lomas de Zamora del \u00faltimo [&#8230;]\n","protected":false},"author":1,"featured_media":15446,"comment_status":"open","ping_status":"open","sticky":false,"template":"","format":"standard","meta":{"footnotes":""},"categories":[4],"tags":[114,100,98,113,96,102],"class_list":["post-15442","post","type-post","status-publish","format-standard","has-post-thumbnail","hentry","category-futbol-1ra-division","tag-cole","tag-colegiales","tag-primera-b","tag-tricolor","tag-villa-san-carlos","tag-vsc"],"_links":{"self":[{"href":"https:\/\/villasancarlos.club\/vsc\/wp-json\/wp\/v2\/posts\/15442","targetHints":{"allow":["GET"]}}],"collection":[{"href":"https:\/\/villasancarlos.club\/vsc\/wp-json\/wp\/v2\/posts"}],"about":[{"href":"https:\/\/villasancarlos.club\/vsc\/wp-json\/wp\/v2\/types\/post"}],"author":[{"embeddable":true,"href":"https:\/\/villasancarlos.club\/vsc\/wp-json\/wp\/v2\/users\/1"}],"replies":[{"embeddable":true,"href":"https:\/\/villasancarlos.club\/vsc\/wp-json\/wp\/v2\/comments?post=15442"}],"version-history":[{"count":1,"href":"https:\/\/villasancarlos.club\/vsc\/wp-json\/wp\/v2\/posts\/15442\/revisions"}],"predecessor-version":[{"id":15447,"href":"https:\/\/villasancarlos.club\/vsc\/wp-json\/wp\/v2\/posts\/15442\/revisions\/15447"}],"wp:featuredmedia":[{"embeddable":true,"href":"https:\/\/villasancarlos.club\/vsc\/wp-json\/wp\/v2\/media\/15446"}],"wp:attachment":[{"href":"https:\/\/villasancarlos.club\/vsc\/wp-json\/wp\/v2\/media?parent=15442"}],"wp:term":[{"taxonomy":"category","embeddable":true,"href":"https:\/\/villasancarlos.club\/vsc\/wp-json\/wp\/v2\/categories?post=15442"},{"taxonomy":"post_tag","embeddable":true,"href":"https:\/\/villasancarlos.club\/vsc\/wp-json\/wp\/v2\/tags?post=15442"}],"curies":[{"name":"wp","href":"https:\/\/api.w.org\/{rel}","templated":true}]}}