{"id":1249,"date":"2016-03-30T02:44:30","date_gmt":"2016-03-30T02:44:30","guid":{"rendered":"http:\/\/villasancarlos.club\/vsc\/?p=1249"},"modified":"2016-03-30T02:44:30","modified_gmt":"2016-03-30T02:44:30","slug":"la-villa-y-un-duro-compromiso-ante-el-pincha","status":"publish","type":"post","link":"https:\/\/villasancarlos.club\/vsc\/2016\/03\/la-villa-y-un-duro-compromiso-ante-el-pincha\/","title":{"rendered":"La \u201cVilla\u201d y un duro compromiso ante el \u201cPincha\u201d"},"content":{"rendered":"<p><strong>Por la tercera fecha del Torneo Apertura de la Asociaci\u00f3n Platense de b\u00e1squet, Villa San Carlos enfrentar\u00e1 en condici\u00f3n de visitante a Estudiantes de La Plata, ma\u00f1ana a partir de las 21.30, partido v\u00e1lido por la Zona A-1 de Primera Divisi\u00f3n. El cotejo se jugar\u00e1 en la Sede Social del \u201cPincha\u201d en el gimnasio \u201cPedro Os\u00e1car\u201d.<\/strong><\/p>\n<p>Para el equipo conducido por Sebasti\u00e1n \u201cFito\u201d Vasino, se presenta una linda oportunidad para olvidar las dos derrotas que tuvo en lo que va del certamen. Enfrente estar\u00e1 Estudiantes, quinteto conducido por Agust\u00edn Vi\u00f1ales, que en la fecha pasada perdi\u00f3 ante Reconquista por 94 a 72 con un elenco conformado por juveniles.<\/p>\n<p>Cabe remarcar que el \u201cLe\u00f3n\u201d, accedi\u00f3 a los cuartos de final del Torneo Federal en el cuarto puesto de la zona Metropolitana y luego de perder con Hurac\u00e1n de San Justo, por 90 a 86, ya conoce a su rival: el conjunto de Mauricio L\u00f3pez jugar\u00e1 con San Mart\u00edn de La Rioja, luego de finalizar con 48 puntos, al igual que el \u201cPincharrata\u201d.<\/p>\n<p>San Carlos sabe que no la tendr\u00e1 f\u00e1cil, pero sabe que estar\u00e1 enfrent\u00e1ndose\u00a0 ante unos de los animadores del torneo. El cuerpo t\u00e9cnico espera la llegada de Demian Fulgenci, tras por su paso por Juventud, se tom\u00f3 unos d\u00edas de vacaciones y luego retomar el torneo de la APdeB para volver a vestir la camiseta del \u201cCele\u201d luego de tres a\u00f1os.<\/p>\n","protected":false},"excerpt":{"rendered":"<p>Por la tercera fecha del Torneo Apertura de la Asociaci\u00f3n Platense de b\u00e1squet, Villa San Carlos enfrentar\u00e1 en condici\u00f3n de visitante a Estudiantes de La Plata, ma\u00f1ana a partir de las 21.30, partido v\u00e1lido por la Zona A-1 de Primera Divisi\u00f3n. El cotejo se jugar\u00e1 en la Sede Social del \u201cPincha\u201d en el gimnasio \u201cPedro [&#8230;]\n","protected":false},"author":1,"featured_media":1250,"comment_status":"open","ping_status":"open","sticky":false,"template":"","format":"standard","meta":{"footnotes":""},"categories":[3],"tags":[6],"class_list":["post-1249","post","type-post","status-publish","format-standard","has-post-thumbnail","hentry","category-basquet-1ra-division","tag-basquet"],"_links":{"self":[{"href":"https:\/\/villasancarlos.club\/vsc\/wp-json\/wp\/v2\/posts\/1249","targetHints":{"allow":["GET"]}}],"collection":[{"href":"https:\/\/villasancarlos.club\/vsc\/wp-json\/wp\/v2\/posts"}],"about":[{"href":"https:\/\/villasancarlos.club\/vsc\/wp-json\/wp\/v2\/types\/post"}],"author":[{"embeddable":true,"href":"https:\/\/villasancarlos.club\/vsc\/wp-json\/wp\/v2\/users\/1"}],"replies":[{"embeddable":true,"href":"https:\/\/villasancarlos.club\/vsc\/wp-json\/wp\/v2\/comments?post=1249"}],"version-history":[{"count":1,"href":"https:\/\/villasancarlos.club\/vsc\/wp-json\/wp\/v2\/posts\/1249\/revisions"}],"predecessor-version":[{"id":1251,"href":"https:\/\/villasancarlos.club\/vsc\/wp-json\/wp\/v2\/posts\/1249\/revisions\/1251"}],"wp:featuredmedia":[{"embeddable":true,"href":"https:\/\/villasancarlos.club\/vsc\/wp-json\/wp\/v2\/media\/1250"}],"wp:attachment":[{"href":"https:\/\/villasancarlos.club\/vsc\/wp-json\/wp\/v2\/media?parent=1249"}],"wp:term":[{"taxonomy":"category","embeddable":true,"href":"https:\/\/villasancarlos.club\/vsc\/wp-json\/wp\/v2\/categories?post=1249"},{"taxonomy":"post_tag","embeddable":true,"href":"https:\/\/villasancarlos.club\/vsc\/wp-json\/wp\/v2\/tags?post=1249"}],"curies":[{"name":"wp","href":"https:\/\/api.w.org\/{rel}","templated":true}]}}