{"id":1168,"date":"2016-03-21T20:47:30","date_gmt":"2016-03-21T20:47:30","guid":{"rendered":"http:\/\/villasancarlos.club\/vsc\/?p=1168"},"modified":"2016-03-21T20:50:10","modified_gmt":"2016-03-21T20:50:10","slug":"buena-jornada-para-las-categorias-menores-ante-astillero","status":"publish","type":"post","link":"https:\/\/villasancarlos.club\/vsc\/2016\/03\/buena-jornada-para-las-categorias-menores-ante-astillero\/","title":{"rendered":"Buena jornada para las categor\u00edas Menores ante Astillero"},"content":{"rendered":"<p><strong>Por la primera fecha del torneo que organiza la Asociaci\u00f3n Platense de B\u00e1squet, las camadas dirigidas por Emiliano Grosso y preparadas f\u00edsicamente por Marcos Bonicatto recibieron a Astillero el s\u00e1bado por la tarde. <\/strong><\/p>\n<p>La acci\u00f3n la abrieron los infantiles, con una contundente victoria por 75 a 19. Luego fue turno de los cadetes, que disputaron el partido m\u00e1s parejo de la jornada, y en el cual hubo victoria para los <span class=\"text_exposed_show\">ensenadenses por 73 a 68. Por \u00faltimo, los juveniles tuvieron un desarrollo parecido al de los infantiles, ya que superaron al 81 a 28.<\/span><\/p>\n<p><span class=\"text_exposed_show\">La pr\u00f3xima fecha ser\u00e1 reci\u00e9n el s\u00e1bado 2 de abril cuando visiten a Sudam\u00e9rica, ya que este fin de semana est\u00e1 todo suspendido por la APB debido a la Semana Santa.<\/span><\/p>\n<p><span class=\"text_exposed_show\">Por su parte, las categor\u00edas formativas a cargo de Emanuel Piazzese y Antonella Otaran recibieron de manera amistosa el domingo por la ma\u00f1ana a Ceye, y se contin\u00faan preparando para el comienzo del certamen, que todav\u00eda es un la inc\u00f3gnita la fecha de comienzo debido a diferencias entre los delegados de minib\u00e1squet.<\/span><\/p>\n<p><span class=\"text_exposed_show\">Por \u00faltimo, vale recordar que los Sub-21 a cargo de Yonathan Rodr\u00edguez tambi\u00e9n est\u00e1n entrenando intensamente para el inicio de la acci\u00f3n oficial (esta categor\u00eda siempre es la \u00faltima en arrancar, generalmente por temas de organizaci\u00f3n).<\/span><\/p>\n","protected":false},"excerpt":{"rendered":"<p>Por la primera fecha del torneo que organiza la Asociaci\u00f3n Platense de B\u00e1squet, las camadas dirigidas por Emiliano Grosso y preparadas f\u00edsicamente por Marcos Bonicatto recibieron a Astillero el s\u00e1bado por la tarde. La acci\u00f3n la abrieron los infantiles, con una contundente victoria por 75 a 19. Luego fue turno de los cadetes, que disputaron [&#8230;]\n","protected":false},"author":1,"featured_media":1169,"comment_status":"open","ping_status":"open","sticky":false,"template":"","format":"standard","meta":{"footnotes":""},"categories":[33],"tags":[34],"class_list":["post-1168","post","type-post","status-publish","format-standard","has-post-thumbnail","hentry","category-basquet-juvenil","tag-basquet-juvenil"],"_links":{"self":[{"href":"https:\/\/villasancarlos.club\/vsc\/wp-json\/wp\/v2\/posts\/1168","targetHints":{"allow":["GET"]}}],"collection":[{"href":"https:\/\/villasancarlos.club\/vsc\/wp-json\/wp\/v2\/posts"}],"about":[{"href":"https:\/\/villasancarlos.club\/vsc\/wp-json\/wp\/v2\/types\/post"}],"author":[{"embeddable":true,"href":"https:\/\/villasancarlos.club\/vsc\/wp-json\/wp\/v2\/users\/1"}],"replies":[{"embeddable":true,"href":"https:\/\/villasancarlos.club\/vsc\/wp-json\/wp\/v2\/comments?post=1168"}],"version-history":[{"count":1,"href":"https:\/\/villasancarlos.club\/vsc\/wp-json\/wp\/v2\/posts\/1168\/revisions"}],"predecessor-version":[{"id":1170,"href":"https:\/\/villasancarlos.club\/vsc\/wp-json\/wp\/v2\/posts\/1168\/revisions\/1170"}],"wp:featuredmedia":[{"embeddable":true,"href":"https:\/\/villasancarlos.club\/vsc\/wp-json\/wp\/v2\/media\/1169"}],"wp:attachment":[{"href":"https:\/\/villasancarlos.club\/vsc\/wp-json\/wp\/v2\/media?parent=1168"}],"wp:term":[{"taxonomy":"category","embeddable":true,"href":"https:\/\/villasancarlos.club\/vsc\/wp-json\/wp\/v2\/categories?post=1168"},{"taxonomy":"post_tag","embeddable":true,"href":"https:\/\/villasancarlos.club\/vsc\/wp-json\/wp\/v2\/tags?post=1168"}],"curies":[{"name":"wp","href":"https:\/\/api.w.org\/{rel}","templated":true}]}}